{"id":6794,"date":"2022-10-19T12:47:01","date_gmt":"2022-10-19T10:47:01","guid":{"rendered":"https:\/\/www.iic-global.net\/?p=6794"},"modified":"2024-01-03T15:45:50","modified_gmt":"2024-01-03T14:45:50","slug":"corona-und-die-folgen-fur-ict","status":"publish","type":"post","link":"https:\/\/www.iic-global.net\/de\/corona-und-die-folgen-fur-ict\/","title":{"rendered":"Corona und die Folgen f\u00fcr ICT"},"content":{"rendered":"Global kann festgestellt werden, dass die Auswirkungen der Pandemie sich positive und negative auf die Informationstechnologie ausgewirkt haben. Zum einen sind die Bedarfe in den Unternehmen nach digitaler Kommunikation und Optimierung von Prozessen gestiegen, zum anderen stehen den Projektherausforderungen zu wenig Projektleiter, Consultants und Entwickler gegen\u00fcber. <span style=\"word-spacing: normal;\">Das Ressourcenproblem in Verbindung mit den komplexen Anforderungen und der gestiegenen Umsetzungsgeschwindigkeit scheint ein schier unl\u00f6sbares Problem. Einige Unternehmen nutzen nun verst\u00e4rkt moderne Low-Code-Plattformen um auch mit Consultants und Fachabteilungen die identifizierten Anforderungen in Software umzusetzen und so eine Arbeitserleichterung und interne Geschwindigkeitsvorteile zu erzielen. Auch Gardner weist in seiner Studie auf den Ansatz mit LowCode Plattformen hin und sieht darin die Chance, digitale Anforderungen effizient umzusetzen (<\/span><a style=\"word-spacing: normal;\" href=\"https:\/\/www.mendix.com\/resources\/digital-business-ambition-transform-or-optimize\/#formWrapper\">Link<\/a><span style=\"word-spacing: normal;\">).<\/span>\n\n<!-- \/wp:post-content -->\n\n<!-- wp:paragraph -->\n\nDie sich st\u00e4ndig wandelnden Anforderungen an Abl\u00e4ufe, die Integration Dritter auf digitalem Wege ist anders kaum zu bew\u00e4ltigen. Neue Zahlen des BITKOM zeigen eindeutig dass sich die Digitalbranche auf dem Wachstumspfad befindet. (<a href=\"https:\/\/www.bitkom.org\/Presse\/Presseinformation\/Konjunktur-Multiple-Krise-belastet-Digitalgeschaeft\">Link<\/a>).\n\n<!-- \/wp:paragraph -->\n\n<!-- wp:paragraph -->\n\nDer Schub, der sich durch die Pandemie in der Digitalisierung von Abl\u00e4ufen, der Einbindung von Dritten, der Automatisierung von Kommunikation von Systemen, usw. ergeben hat, h\u00e4tte man sich vor 3-5 Jahren noch kaum vorstellen k\u00f6nnen. Die Herausforderungen sind gro\u00df aber die Industrie, der Handel wie auch die Digitalbranche stemmen sich dagegen.\n\n<!-- \/wp:paragraph -->\n\n","protected":false},"excerpt":{"rendered":"<p>Global kann festgestellt werden, dass die Auswirkungen der Pandemie sich positive und negative auf die Informationstechnologie ausgewirkt haben. Zum einen sind die Bedarfe in den Unternehmen nach digitaler Kommunikation und Optimierung von Prozessen gestiegen, zum anderen stehen den Projektherausforderungen zu wenig Projektleiter, Consultants und Entwickler gegen\u00fcber. Das Ressourcenproblem in Verbindung mit den komplexen Anforderungen und&hellip;<\/p>\n","protected":false},"author":1,"featured_media":2129,"comment_status":"closed","ping_status":"open","sticky":false,"template":"","format":"standard","meta":{"footnotes":""},"categories":[1],"tags":[],"class_list":["post-6794","post","type-post","status-publish","format-standard","has-post-thumbnail","hentry","category-allgemein","category-1","description-off"],"_links":{"self":[{"href":"https:\/\/www.iic-global.net\/de\/wp-json\/wp\/v2\/posts\/6794","targetHints":{"allow":["GET"]}}],"collection":[{"href":"https:\/\/www.iic-global.net\/de\/wp-json\/wp\/v2\/posts"}],"about":[{"href":"https:\/\/www.iic-global.net\/de\/wp-json\/wp\/v2\/types\/post"}],"author":[{"embeddable":true,"href":"https:\/\/www.iic-global.net\/de\/wp-json\/wp\/v2\/users\/1"}],"replies":[{"embeddable":true,"href":"https:\/\/www.iic-global.net\/de\/wp-json\/wp\/v2\/comments?post=6794"}],"version-history":[{"count":0,"href":"https:\/\/www.iic-global.net\/de\/wp-json\/wp\/v2\/posts\/6794\/revisions"}],"wp:featuredmedia":[{"embeddable":true,"href":"https:\/\/www.iic-global.net\/de\/wp-json\/wp\/v2\/media\/2129"}],"wp:attachment":[{"href":"https:\/\/www.iic-global.net\/de\/wp-json\/wp\/v2\/media?parent=6794"}],"wp:term":[{"taxonomy":"category","embeddable":true,"href":"https:\/\/www.iic-global.net\/de\/wp-json\/wp\/v2\/categories?post=6794"},{"taxonomy":"post_tag","embeddable":true,"href":"https:\/\/www.iic-global.net\/de\/wp-json\/wp\/v2\/tags?post=6794"}],"curies":[{"name":"wp","href":"https:\/\/api.w.org\/{rel}","templated":true}]}}